{"id":3882,"date":"2020-01-22T22:15:53","date_gmt":"2020-01-22T21:15:53","guid":{"rendered":"http:\/\/www.uruguayfrance.fr\/wp\/?p=3882"},"modified":"2024-07-03T15:56:57","modified_gmt":"2024-07-03T14:56:57","slug":"cap-accompagnement-educatif-petite-enfance","status":"publish","type":"post","link":"https:\/\/www.uruguayfrance.fr\/wp\/cap-accompagnement-educatif-petite-enfance\/","title":{"rendered":"CAP Accompagnement Educatif Petite Enfance"},"content":{"rendered":"<p>&nbsp;<\/p>\n<h1 style=\"text-align: left;\"><strong><img loading=\"lazy\" decoding=\"async\" class=\"size-medium wp-image-3883\" src=\"https:\/\/www.uruguayfrance.fr\/wp\/wp-content\/uploads\/petite-enfance-300x135.jpg\" alt=\"\" width=\"300\" height=\"135\" srcset=\"https:\/\/www.uruguayfrance.fr\/wp\/wp-content\/uploads\/petite-enfance-300x135.jpg 300w, https:\/\/www.uruguayfrance.fr\/wp\/wp-content\/uploads\/petite-enfance.jpg 335w\" sizes=\"auto, (max-width: 300px) 100vw, 300px\" \/><\/strong><\/h1>\n<h1 style=\"text-align: right;\"><strong>CAP Accompagnement Educatif <\/strong><\/h1>\n<h1 style=\"text-align: right;\"><strong>Petite Enfance (2 ans)<\/strong><\/h1>\n<p>Le titulaire du CAP Accompagnant \u00e9ducatif petite enfance est un professionnel de l&#8217;accueil et de la garde des enfants de moins de 6 ans. Soucieux de r\u00e9pondre \u00e0 leurs besoins fondamentaux, il r\u00e9alise des activit\u00e9s de soins quotidiens (pr\u00e9paration de repas, soins d&#8217;hygi\u00e8ne) et des activit\u00e9s d&#8217;\u00e9veil contribuant \u00e0 leur d\u00e9veloppement affectif et intellectuel et \u00e0 leur autonomie. Il assure \u00e9galement l&#8217;entretien des locaux et des \u00e9quipements.<\/p>\n<p>Il peut notamment devenir ATSEM dans les \u00e9coles maternelles, auxiliaire petite enfance dans les cr\u00e8ches, agent d&#8217;animation dans les centres de vacances, ou assistant maternel \u00e0 domicile.<\/p>\n<p>Le CAP d\u00e9bouche sur la vie active mais il est possible, sous certaines conditions, de poursuivre des \u00e9tudes en 2 ans en&nbsp;un bac professionnel, ou d&#8217;int\u00e9grer&nbsp;des formations&nbsp;pr\u00e9parant \u00e0 certains dipl\u00f4mes d&#8217;\u00e9tat&nbsp;du secteur sanitaire et social.<\/p>\n<p>Nos classes de 2de CAP et Terminale CAP sont d&#8217;un effectif de 12 chacune.<\/p>\n<p>La d\u00e9couverte de cette fili\u00e8re se r\u00e9alise en s&#8217;inscrivant au dispositif PASSPRO dans votre coll\u00e8ge.<\/p>\n<p>Pour tous renseignements, merci de contacter Mme Christelle PRUDHOMME &#8211; Directrice D\u00e9l\u00e9gu\u00e9e aux Formations Professionnelles et Technologiques &#8211; 01.60.74.50.84 &#8211; christelle.prudhomme@ac-creteil.fr<\/p>\n","protected":false},"excerpt":{"rendered":"<p>&nbsp; CAP Accompagnement Educatif Petite Enfance (2 ans) Le titulaire du CAP Accompagnant \u00e9ducatif petite enfance est un professionnel de l&#8217;accueil et de la garde des enfants de moins de 6 ans. Soucieux de r\u00e9pondre \u00e0 leurs besoins fondamentaux, il r\u00e9alise des activit\u00e9s de soins quotidiens (pr\u00e9paration de repas, soins d&#8217;hygi\u00e8ne) et des activit\u00e9s d&#8217;\u00e9veil [&hellip;]<\/p>\n","protected":false},"author":1,"featured_media":3884,"comment_status":"closed","ping_status":"closed","sticky":false,"template":"","format":"standard","meta":{"ngg_post_thumbnail":0,"footnotes":""},"categories":[79],"tags":[],"class_list":{"0":"post-3882","1":"post","2":"type-post","3":"status-publish","4":"format-standard","5":"has-post-thumbnail","7":"category-filiere-professionnelle","8":"czr-hentry"},"yoast_head":"<!-- This site is optimized with the Yoast SEO plugin v26.4 - https:\/\/yoast.com\/wordpress\/plugins\/seo\/ -->\n<title>CAP Accompagnement Educatif Petite Enfance - Lyc\u00e9e Uruguay France<\/title>\n<meta name=\"robots\" content=\"index, follow, max-snippet:-1, max-image-preview:large, max-video-preview:-1\" \/>\n<link rel=\"canonical\" href=\"https:\/\/www.uruguayfrance.fr\/wp\/cap-accompagnement-educatif-petite-enfance\/\" \/>\n<meta property=\"og:locale\" content=\"fr_FR\" \/>\n<meta property=\"og:type\" content=\"article\" \/>\n<meta property=\"og:title\" content=\"CAP Accompagnement Educatif Petite Enfance - Lyc\u00e9e Uruguay France\" \/>\n<meta property=\"og:description\" content=\"&nbsp; CAP Accompagnement Educatif Petite Enfance (2 ans) Le titulaire du CAP Accompagnant \u00e9ducatif petite enfance est un professionnel de l&#8217;accueil et de la garde des enfants de moins de 6 ans. Soucieux de r\u00e9pondre \u00e0 leurs besoins fondamentaux, il r\u00e9alise des activit\u00e9s de soins quotidiens (pr\u00e9paration de repas, soins d&#8217;hygi\u00e8ne) et des activit\u00e9s d&#8217;\u00e9veil [&hellip;]\" \/>\n<meta property=\"og:url\" content=\"https:\/\/www.uruguayfrance.fr\/wp\/cap-accompagnement-educatif-petite-enfance\/\" \/>\n<meta property=\"og:site_name\" content=\"Lyc\u00e9e Uruguay France\" \/>\n<meta property=\"article:published_time\" content=\"2020-01-22T21:15:53+00:00\" \/>\n<meta property=\"article:modified_time\" content=\"2024-07-03T14:56:57+00:00\" \/>\n<meta property=\"og:image\" content=\"https:\/\/www.uruguayfrance.fr\/wp\/wp-content\/uploads\/petite-enfance-2.jpg\" \/>\n\t<meta property=\"og:image:width\" content=\"284\" \/>\n\t<meta property=\"og:image:height\" content=\"177\" \/>\n\t<meta property=\"og:image:type\" content=\"image\/jpeg\" \/>\n<meta name=\"author\" content=\"Lyc\u00e9e Uruguay France\" \/>\n<meta name=\"twitter:card\" content=\"summary_large_image\" \/>\n<meta name=\"twitter:label1\" content=\"\u00c9crit par\" \/>\n\t<meta name=\"twitter:data1\" content=\"Lyc\u00e9e Uruguay France\" \/>\n\t<meta name=\"twitter:label2\" content=\"Dur\u00e9e de lecture estim\u00e9e\" \/>\n\t<meta name=\"twitter:data2\" content=\"2 minutes\" \/>\n<script type=\"application\/ld+json\" class=\"yoast-schema-graph\">{\"@context\":\"https:\/\/schema.org\",\"@graph\":[{\"@type\":\"Article\",\"@id\":\"https:\/\/www.uruguayfrance.fr\/wp\/cap-accompagnement-educatif-petite-enfance\/#article\",\"isPartOf\":{\"@id\":\"https:\/\/www.uruguayfrance.fr\/wp\/cap-accompagnement-educatif-petite-enfance\/\"},\"author\":{\"name\":\"Lyc\u00e9e Uruguay France\",\"@id\":\"https:\/\/www.uruguayfrance.fr\/wp\/#\/schema\/person\/f07effd1552c95cf697779af71af7814\"},\"headline\":\"CAP Accompagnement Educatif Petite Enfance\",\"datePublished\":\"2020-01-22T21:15:53+00:00\",\"dateModified\":\"2024-07-03T14:56:57+00:00\",\"mainEntityOfPage\":{\"@id\":\"https:\/\/www.uruguayfrance.fr\/wp\/cap-accompagnement-educatif-petite-enfance\/\"},\"wordCount\":214,\"publisher\":{\"@id\":\"https:\/\/www.uruguayfrance.fr\/wp\/#organization\"},\"image\":{\"@id\":\"https:\/\/www.uruguayfrance.fr\/wp\/cap-accompagnement-educatif-petite-enfance\/#primaryimage\"},\"thumbnailUrl\":\"https:\/\/www.uruguayfrance.fr\/wp\/wp-content\/uploads\/petite-enfance-2.jpg\",\"articleSection\":[\"Fili\u00e8re Professionnelle\"],\"inLanguage\":\"fr-FR\"},{\"@type\":\"WebPage\",\"@id\":\"https:\/\/www.uruguayfrance.fr\/wp\/cap-accompagnement-educatif-petite-enfance\/\",\"url\":\"https:\/\/www.uruguayfrance.fr\/wp\/cap-accompagnement-educatif-petite-enfance\/\",\"name\":\"CAP Accompagnement Educatif Petite Enfance - Lyc\u00e9e Uruguay France\",\"isPartOf\":{\"@id\":\"https:\/\/www.uruguayfrance.fr\/wp\/#website\"},\"primaryImageOfPage\":{\"@id\":\"https:\/\/www.uruguayfrance.fr\/wp\/cap-accompagnement-educatif-petite-enfance\/#primaryimage\"},\"image\":{\"@id\":\"https:\/\/www.uruguayfrance.fr\/wp\/cap-accompagnement-educatif-petite-enfance\/#primaryimage\"},\"thumbnailUrl\":\"https:\/\/www.uruguayfrance.fr\/wp\/wp-content\/uploads\/petite-enfance-2.jpg\",\"datePublished\":\"2020-01-22T21:15:53+00:00\",\"dateModified\":\"2024-07-03T14:56:57+00:00\",\"breadcrumb\":{\"@id\":\"https:\/\/www.uruguayfrance.fr\/wp\/cap-accompagnement-educatif-petite-enfance\/#breadcrumb\"},\"inLanguage\":\"fr-FR\",\"potentialAction\":[{\"@type\":\"ReadAction\",\"target\":[\"https:\/\/www.uruguayfrance.fr\/wp\/cap-accompagnement-educatif-petite-enfance\/\"]}]},{\"@type\":\"ImageObject\",\"inLanguage\":\"fr-FR\",\"@id\":\"https:\/\/www.uruguayfrance.fr\/wp\/cap-accompagnement-educatif-petite-enfance\/#primaryimage\",\"url\":\"https:\/\/www.uruguayfrance.fr\/wp\/wp-content\/uploads\/petite-enfance-2.jpg\",\"contentUrl\":\"https:\/\/www.uruguayfrance.fr\/wp\/wp-content\/uploads\/petite-enfance-2.jpg\",\"width\":284,\"height\":177},{\"@type\":\"BreadcrumbList\",\"@id\":\"https:\/\/www.uruguayfrance.fr\/wp\/cap-accompagnement-educatif-petite-enfance\/#breadcrumb\",\"itemListElement\":[{\"@type\":\"ListItem\",\"position\":1,\"name\":\"Accueil\",\"item\":\"https:\/\/www.uruguayfrance.fr\/wp\/\"},{\"@type\":\"ListItem\",\"position\":2,\"name\":\"CAP Accompagnement Educatif Petite Enfance\"}]},{\"@type\":\"WebSite\",\"@id\":\"https:\/\/www.uruguayfrance.fr\/wp\/#website\",\"url\":\"https:\/\/www.uruguayfrance.fr\/wp\/\",\"name\":\"Lyc\u00e9e Uruguay France\",\"description\":\"Lyc\u00e9e des m\u00e9tiers du social et de la sant\u00e9 - Etablissement d&#039;accueil du sport de haut niveau\",\"publisher\":{\"@id\":\"https:\/\/www.uruguayfrance.fr\/wp\/#organization\"},\"potentialAction\":[{\"@type\":\"SearchAction\",\"target\":{\"@type\":\"EntryPoint\",\"urlTemplate\":\"https:\/\/www.uruguayfrance.fr\/wp\/?s={search_term_string}\"},\"query-input\":{\"@type\":\"PropertyValueSpecification\",\"valueRequired\":true,\"valueName\":\"search_term_string\"}}],\"inLanguage\":\"fr-FR\"},{\"@type\":\"Organization\",\"@id\":\"https:\/\/www.uruguayfrance.fr\/wp\/#organization\",\"name\":\"Lyc\u00e9e Uruguay France\",\"url\":\"https:\/\/www.uruguayfrance.fr\/wp\/\",\"logo\":{\"@type\":\"ImageObject\",\"inLanguage\":\"fr-FR\",\"@id\":\"https:\/\/www.uruguayfrance.fr\/wp\/#\/schema\/logo\/image\/\",\"url\":\"https:\/\/www.uruguayfrance.fr\/wp\/wp-content\/uploads\/cropped-Uruguay-logo-quadri.jpg\",\"contentUrl\":\"https:\/\/www.uruguayfrance.fr\/wp\/wp-content\/uploads\/cropped-Uruguay-logo-quadri.jpg\",\"width\":893,\"height\":246,\"caption\":\"Lyc\u00e9e Uruguay France\"},\"image\":{\"@id\":\"https:\/\/www.uruguayfrance.fr\/wp\/#\/schema\/logo\/image\/\"}},{\"@type\":\"Person\",\"@id\":\"https:\/\/www.uruguayfrance.fr\/wp\/#\/schema\/person\/f07effd1552c95cf697779af71af7814\",\"name\":\"Lyc\u00e9e Uruguay France\",\"image\":{\"@type\":\"ImageObject\",\"inLanguage\":\"fr-FR\",\"@id\":\"https:\/\/www.uruguayfrance.fr\/wp\/#\/schema\/person\/image\/\",\"url\":\"https:\/\/secure.gravatar.com\/avatar\/7364bda5a7e75cdb0b145cf0233c9a2a22d2ef52ee4b8cce5d78859f8bd77e0b?s=96&d=mm&r=g\",\"contentUrl\":\"https:\/\/secure.gravatar.com\/avatar\/7364bda5a7e75cdb0b145cf0233c9a2a22d2ef52ee4b8cce5d78859f8bd77e0b?s=96&d=mm&r=g\",\"caption\":\"Lyc\u00e9e Uruguay France\"},\"description\":\"Administrateur du site\",\"url\":\"https:\/\/www.uruguayfrance.fr\/wp\/author\/admin\/\"}]}<\/script>\n<!-- \/ Yoast SEO plugin. -->","yoast_head_json":{"title":"CAP Accompagnement Educatif Petite Enfance - Lyc\u00e9e Uruguay France","robots":{"index":"index","follow":"follow","max-snippet":"max-snippet:-1","max-image-preview":"max-image-preview:large","max-video-preview":"max-video-preview:-1"},"canonical":"https:\/\/www.uruguayfrance.fr\/wp\/cap-accompagnement-educatif-petite-enfance\/","og_locale":"fr_FR","og_type":"article","og_title":"CAP Accompagnement Educatif Petite Enfance - Lyc\u00e9e Uruguay France","og_description":"&nbsp; CAP Accompagnement Educatif Petite Enfance (2 ans) Le titulaire du CAP Accompagnant \u00e9ducatif petite enfance est un professionnel de l&#8217;accueil et de la garde des enfants de moins de 6 ans. Soucieux de r\u00e9pondre \u00e0 leurs besoins fondamentaux, il r\u00e9alise des activit\u00e9s de soins quotidiens (pr\u00e9paration de repas, soins d&#8217;hygi\u00e8ne) et des activit\u00e9s d&#8217;\u00e9veil [&hellip;]","og_url":"https:\/\/www.uruguayfrance.fr\/wp\/cap-accompagnement-educatif-petite-enfance\/","og_site_name":"Lyc\u00e9e Uruguay France","article_published_time":"2020-01-22T21:15:53+00:00","article_modified_time":"2024-07-03T14:56:57+00:00","og_image":[{"width":284,"height":177,"url":"https:\/\/www.uruguayfrance.fr\/wp\/wp-content\/uploads\/petite-enfance-2.jpg","type":"image\/jpeg"}],"author":"Lyc\u00e9e Uruguay France","twitter_card":"summary_large_image","twitter_misc":{"\u00c9crit par":"Lyc\u00e9e Uruguay France","Dur\u00e9e de lecture estim\u00e9e":"2 minutes"},"schema":{"@context":"https:\/\/schema.org","@graph":[{"@type":"Article","@id":"https:\/\/www.uruguayfrance.fr\/wp\/cap-accompagnement-educatif-petite-enfance\/#article","isPartOf":{"@id":"https:\/\/www.uruguayfrance.fr\/wp\/cap-accompagnement-educatif-petite-enfance\/"},"author":{"name":"Lyc\u00e9e Uruguay France","@id":"https:\/\/www.uruguayfrance.fr\/wp\/#\/schema\/person\/f07effd1552c95cf697779af71af7814"},"headline":"CAP Accompagnement Educatif Petite Enfance","datePublished":"2020-01-22T21:15:53+00:00","dateModified":"2024-07-03T14:56:57+00:00","mainEntityOfPage":{"@id":"https:\/\/www.uruguayfrance.fr\/wp\/cap-accompagnement-educatif-petite-enfance\/"},"wordCount":214,"publisher":{"@id":"https:\/\/www.uruguayfrance.fr\/wp\/#organization"},"image":{"@id":"https:\/\/www.uruguayfrance.fr\/wp\/cap-accompagnement-educatif-petite-enfance\/#primaryimage"},"thumbnailUrl":"https:\/\/www.uruguayfrance.fr\/wp\/wp-content\/uploads\/petite-enfance-2.jpg","articleSection":["Fili\u00e8re Professionnelle"],"inLanguage":"fr-FR"},{"@type":"WebPage","@id":"https:\/\/www.uruguayfrance.fr\/wp\/cap-accompagnement-educatif-petite-enfance\/","url":"https:\/\/www.uruguayfrance.fr\/wp\/cap-accompagnement-educatif-petite-enfance\/","name":"CAP Accompagnement Educatif Petite Enfance - Lyc\u00e9e Uruguay France","isPartOf":{"@id":"https:\/\/www.uruguayfrance.fr\/wp\/#website"},"primaryImageOfPage":{"@id":"https:\/\/www.uruguayfrance.fr\/wp\/cap-accompagnement-educatif-petite-enfance\/#primaryimage"},"image":{"@id":"https:\/\/www.uruguayfrance.fr\/wp\/cap-accompagnement-educatif-petite-enfance\/#primaryimage"},"thumbnailUrl":"https:\/\/www.uruguayfrance.fr\/wp\/wp-content\/uploads\/petite-enfance-2.jpg","datePublished":"2020-01-22T21:15:53+00:00","dateModified":"2024-07-03T14:56:57+00:00","breadcrumb":{"@id":"https:\/\/www.uruguayfrance.fr\/wp\/cap-accompagnement-educatif-petite-enfance\/#breadcrumb"},"inLanguage":"fr-FR","potentialAction":[{"@type":"ReadAction","target":["https:\/\/www.uruguayfrance.fr\/wp\/cap-accompagnement-educatif-petite-enfance\/"]}]},{"@type":"ImageObject","inLanguage":"fr-FR","@id":"https:\/\/www.uruguayfrance.fr\/wp\/cap-accompagnement-educatif-petite-enfance\/#primaryimage","url":"https:\/\/www.uruguayfrance.fr\/wp\/wp-content\/uploads\/petite-enfance-2.jpg","contentUrl":"https:\/\/www.uruguayfrance.fr\/wp\/wp-content\/uploads\/petite-enfance-2.jpg","width":284,"height":177},{"@type":"BreadcrumbList","@id":"https:\/\/www.uruguayfrance.fr\/wp\/cap-accompagnement-educatif-petite-enfance\/#breadcrumb","itemListElement":[{"@type":"ListItem","position":1,"name":"Accueil","item":"https:\/\/www.uruguayfrance.fr\/wp\/"},{"@type":"ListItem","position":2,"name":"CAP Accompagnement Educatif Petite Enfance"}]},{"@type":"WebSite","@id":"https:\/\/www.uruguayfrance.fr\/wp\/#website","url":"https:\/\/www.uruguayfrance.fr\/wp\/","name":"Lyc\u00e9e Uruguay France","description":"Lyc\u00e9e des m\u00e9tiers du social et de la sant\u00e9 - Etablissement d&#039;accueil du sport de haut niveau","publisher":{"@id":"https:\/\/www.uruguayfrance.fr\/wp\/#organization"},"potentialAction":[{"@type":"SearchAction","target":{"@type":"EntryPoint","urlTemplate":"https:\/\/www.uruguayfrance.fr\/wp\/?s={search_term_string}"},"query-input":{"@type":"PropertyValueSpecification","valueRequired":true,"valueName":"search_term_string"}}],"inLanguage":"fr-FR"},{"@type":"Organization","@id":"https:\/\/www.uruguayfrance.fr\/wp\/#organization","name":"Lyc\u00e9e Uruguay France","url":"https:\/\/www.uruguayfrance.fr\/wp\/","logo":{"@type":"ImageObject","inLanguage":"fr-FR","@id":"https:\/\/www.uruguayfrance.fr\/wp\/#\/schema\/logo\/image\/","url":"https:\/\/www.uruguayfrance.fr\/wp\/wp-content\/uploads\/cropped-Uruguay-logo-quadri.jpg","contentUrl":"https:\/\/www.uruguayfrance.fr\/wp\/wp-content\/uploads\/cropped-Uruguay-logo-quadri.jpg","width":893,"height":246,"caption":"Lyc\u00e9e Uruguay France"},"image":{"@id":"https:\/\/www.uruguayfrance.fr\/wp\/#\/schema\/logo\/image\/"}},{"@type":"Person","@id":"https:\/\/www.uruguayfrance.fr\/wp\/#\/schema\/person\/f07effd1552c95cf697779af71af7814","name":"Lyc\u00e9e Uruguay France","image":{"@type":"ImageObject","inLanguage":"fr-FR","@id":"https:\/\/www.uruguayfrance.fr\/wp\/#\/schema\/person\/image\/","url":"https:\/\/secure.gravatar.com\/avatar\/7364bda5a7e75cdb0b145cf0233c9a2a22d2ef52ee4b8cce5d78859f8bd77e0b?s=96&d=mm&r=g","contentUrl":"https:\/\/secure.gravatar.com\/avatar\/7364bda5a7e75cdb0b145cf0233c9a2a22d2ef52ee4b8cce5d78859f8bd77e0b?s=96&d=mm&r=g","caption":"Lyc\u00e9e Uruguay France"},"description":"Administrateur du site","url":"https:\/\/www.uruguayfrance.fr\/wp\/author\/admin\/"}]}},"_links":{"self":[{"href":"https:\/\/www.uruguayfrance.fr\/wp\/wp-json\/wp\/v2\/posts\/3882","targetHints":{"allow":["GET"]}}],"collection":[{"href":"https:\/\/www.uruguayfrance.fr\/wp\/wp-json\/wp\/v2\/posts"}],"about":[{"href":"https:\/\/www.uruguayfrance.fr\/wp\/wp-json\/wp\/v2\/types\/post"}],"author":[{"embeddable":true,"href":"https:\/\/www.uruguayfrance.fr\/wp\/wp-json\/wp\/v2\/users\/1"}],"replies":[{"embeddable":true,"href":"https:\/\/www.uruguayfrance.fr\/wp\/wp-json\/wp\/v2\/comments?post=3882"}],"version-history":[{"count":1,"href":"https:\/\/www.uruguayfrance.fr\/wp\/wp-json\/wp\/v2\/posts\/3882\/revisions"}],"predecessor-version":[{"id":6590,"href":"https:\/\/www.uruguayfrance.fr\/wp\/wp-json\/wp\/v2\/posts\/3882\/revisions\/6590"}],"wp:featuredmedia":[{"embeddable":true,"href":"https:\/\/www.uruguayfrance.fr\/wp\/wp-json\/wp\/v2\/media\/3884"}],"wp:attachment":[{"href":"https:\/\/www.uruguayfrance.fr\/wp\/wp-json\/wp\/v2\/media?parent=3882"}],"wp:term":[{"taxonomy":"category","embeddable":true,"href":"https:\/\/www.uruguayfrance.fr\/wp\/wp-json\/wp\/v2\/categories?post=3882"},{"taxonomy":"post_tag","embeddable":true,"href":"https:\/\/www.uruguayfrance.fr\/wp\/wp-json\/wp\/v2\/tags?post=3882"}],"curies":[{"name":"wp","href":"https:\/\/api.w.org\/{rel}","templated":true}]}}