{"id":6,"date":"2021-04-16T16:00:55","date_gmt":"2021-04-16T15:00:55","guid":{"rendered":"http:\/\/www.uruguayfrance.fr\/wp\/2009\/05\/29\/un-peu-dhistoire\/"},"modified":"2021-04-17T16:47:14","modified_gmt":"2021-04-17T15:47:14","slug":"un-peu-dhistoire","status":"publish","type":"post","link":"https:\/\/www.uruguayfrance.fr\/wp\/un-peu-dhistoire\/","title":{"rendered":"Un peu d&#8217;histoire"},"content":{"rendered":"<div>Le lyc\u00e9e URUGUAY FRANCE est n\u00e9 apr\u00e8s la premi\u00e8re guerre mondiale. D\u00e8s 1916, sous l&#8217;impulsion de Monsieur et Madame VAILLANT, instituteurs \u00e0 Samois, l&#8217;oeuvre des pupilles de l&#8217;\u00e9cole publique de Seine et Marne est cr\u00e9\u00e9e.<\/div>\n<p><img loading=\"lazy\" decoding=\"async\" class=\"size-full wp-image-4 alignleft\" src=\"https:\/\/www.uruguayfrance.fr\/wp\/wp-content\/uploads\/2009\/05\/articles_ecole1.gif\" alt=\"Ecole des Metiers Uruguay france\" width=\"325\" height=\"230\"><\/p>\n<p>Gr\u00e2ce \u00e0 l&#8217;aide de Monsieur HERBETTE, Ambassadeur de France,des subventions venant du monde entier sont rassembl\u00e9es&#8230;<br \/>\nLa R\u00e9publique de l&#8217;URUGUAY, particuli\u00e8rement g\u00e9n\u00e9reuse,permet la cr\u00e9ation d&#8217;une \u00e9cole pour jeunes filles, &#8220;URUGUAY FRANCE&#8221; est n\u00e9. Il existe une Association des Anciens El\u00e8ves du lyc\u00e9e.<\/p>\n<p>&nbsp;<\/p>\n<div style=\"text-align: center;\">&nbsp;<\/div>\n<div align=\"center\">\n<div>&nbsp;<\/div>\n<div>&nbsp;<\/div>\n<div style=\"text-align: left;\">L&#8217;Ecole des M\u00e9tiers &#8220;Uruguay-France&#8221;, premier site du lyc\u00e9e<\/div>\n<div>&nbsp;<img loading=\"lazy\" decoding=\"async\" class=\"size-full wp-image-5 alignright\" src=\"https:\/\/www.uruguayfrance.fr\/wp\/wp-content\/uploads\/2009\/05\/articles_patiotrinidad.jpg\" alt=\"Patio trinidad Lyc\u00e9e uruguay France\" width=\"360\" height=\"276\" srcset=\"https:\/\/www.uruguayfrance.fr\/wp\/wp-content\/uploads\/2009\/05\/articles_patiotrinidad.jpg 360w, https:\/\/www.uruguayfrance.fr\/wp\/wp-content\/uploads\/2009\/05\/articles_patiotrinidad-300x230.jpg 300w\" sizes=\"auto, (max-width: 360px) 100vw, 360px\" \/><\/div>\n<div align=\"justify\">\n<div style=\"text-align: center;\">&nbsp;<\/div>\n<div style=\"text-align: center;\">\n<div align=\"justify\">Le LYCEE URUGUAY FRANCE a travers\u00e9 toutes les crises, tous les \u00e9v\u00e9nements politiques et sociaux,\u00e9conomiques et culturels en s&#8217;adaptant aux contraintes du moment.<br \/>\nDevenu lyc\u00e9e technique apr\u00e8s la seconde guerre mondiale, le lyc\u00e9e URUGUAY FRANCE sera pris en charge par l&#8217;Etat, puis par la R\u00e9gion ILE DE FRANCE.<\/div>\n<div align=\"justify\">&nbsp;<\/div>\n<\/div>\n<\/div>\n<\/div>\n","protected":false},"excerpt":{"rendered":"<div><span style=\"font-family: Arial; color: #000000; font-size: x-small;\">Le lyc\u00e9e URUGUAY FRANCE est n\u00e9 apr\u00e8s la premi\u00e8re guerre mondiale. D\u00e8s 1916, sous l&#8217;impulsion de Monsieur et Madame VAILLANT, instituteurs \u00e0 Samois, l&#8217;oeuvre des pupilles de l&#8217;\u00e9cole publique de Seine et Marne est cr\u00e9\u00e9e. <\/span><\/div>\n","protected":false},"author":1,"featured_media":4,"comment_status":"open","ping_status":"open","sticky":true,"template":"","format":"standard","meta":{"ngg_post_thumbnail":0,"footnotes":""},"categories":[3],"tags":[],"class_list":{"0":"post-6","1":"post","2":"type-post","3":"status-publish","4":"format-standard","5":"has-post-thumbnail","7":"category-lycee","8":"czr-hentry"},"yoast_head":"<!-- This site is optimized with the Yoast SEO plugin v26.4 - https:\/\/yoast.com\/wordpress\/plugins\/seo\/ -->\n<title>Un peu d&#039;histoire - Lyc\u00e9e Uruguay France<\/title>\n<meta name=\"robots\" content=\"index, follow, max-snippet:-1, max-image-preview:large, max-video-preview:-1\" \/>\n<link rel=\"canonical\" href=\"https:\/\/www.uruguayfrance.fr\/wp\/un-peu-dhistoire\/\" \/>\n<meta property=\"og:locale\" content=\"fr_FR\" \/>\n<meta property=\"og:type\" content=\"article\" \/>\n<meta property=\"og:title\" content=\"Un peu d&#039;histoire - Lyc\u00e9e Uruguay France\" \/>\n<meta property=\"og:description\" content=\"Le lyc\u00e9e URUGUAY FRANCE est n\u00e9 apr\u00e8s la premi\u00e8re guerre mondiale. D\u00e8s 1916, sous l&#039;impulsion de Monsieur et Madame VAILLANT, instituteurs \u00e0 Samois, l&#039;oeuvre des pupilles de l&#039;\u00e9cole publique de Seine et Marne est cr\u00e9\u00e9e.\" \/>\n<meta property=\"og:url\" content=\"https:\/\/www.uruguayfrance.fr\/wp\/un-peu-dhistoire\/\" \/>\n<meta property=\"og:site_name\" content=\"Lyc\u00e9e Uruguay France\" \/>\n<meta property=\"article:published_time\" content=\"2021-04-16T15:00:55+00:00\" \/>\n<meta property=\"article:modified_time\" content=\"2021-04-17T15:47:14+00:00\" \/>\n<meta property=\"og:image\" content=\"https:\/\/www.uruguayfrance.fr\/wp\/wp-content\/uploads\/2009\/05\/articles_ecole1.gif\" \/>\n\t<meta property=\"og:image:width\" content=\"405\" \/>\n\t<meta property=\"og:image:height\" content=\"244\" \/>\n\t<meta property=\"og:image:type\" content=\"image\/gif\" \/>\n<meta name=\"author\" content=\"Lyc\u00e9e Uruguay France\" \/>\n<meta name=\"twitter:card\" content=\"summary_large_image\" \/>\n<meta name=\"twitter:label1\" content=\"\u00c9crit par\" \/>\n\t<meta name=\"twitter:data1\" content=\"Lyc\u00e9e Uruguay France\" \/>\n\t<meta name=\"twitter:label2\" content=\"Dur\u00e9e de lecture estim\u00e9e\" \/>\n\t<meta name=\"twitter:data2\" content=\"1 minute\" \/>\n<script type=\"application\/ld+json\" class=\"yoast-schema-graph\">{\"@context\":\"https:\/\/schema.org\",\"@graph\":[{\"@type\":\"Article\",\"@id\":\"https:\/\/www.uruguayfrance.fr\/wp\/un-peu-dhistoire\/#article\",\"isPartOf\":{\"@id\":\"https:\/\/www.uruguayfrance.fr\/wp\/un-peu-dhistoire\/\"},\"author\":{\"name\":\"Lyc\u00e9e Uruguay France\",\"@id\":\"https:\/\/www.uruguayfrance.fr\/wp\/#\/schema\/person\/f07effd1552c95cf697779af71af7814\"},\"headline\":\"Un peu d&#8217;histoire\",\"datePublished\":\"2021-04-16T15:00:55+00:00\",\"dateModified\":\"2021-04-17T15:47:14+00:00\",\"mainEntityOfPage\":{\"@id\":\"https:\/\/www.uruguayfrance.fr\/wp\/un-peu-dhistoire\/\"},\"wordCount\":165,\"commentCount\":0,\"publisher\":{\"@id\":\"https:\/\/www.uruguayfrance.fr\/wp\/#organization\"},\"image\":{\"@id\":\"https:\/\/www.uruguayfrance.fr\/wp\/un-peu-dhistoire\/#primaryimage\"},\"thumbnailUrl\":\"https:\/\/www.uruguayfrance.fr\/wp\/wp-content\/uploads\/2009\/05\/articles_ecole1.gif\",\"articleSection\":[\"Le lyc\u00e9e\"],\"inLanguage\":\"fr-FR\",\"potentialAction\":[{\"@type\":\"CommentAction\",\"name\":\"Comment\",\"target\":[\"https:\/\/www.uruguayfrance.fr\/wp\/un-peu-dhistoire\/#respond\"]}]},{\"@type\":\"WebPage\",\"@id\":\"https:\/\/www.uruguayfrance.fr\/wp\/un-peu-dhistoire\/\",\"url\":\"https:\/\/www.uruguayfrance.fr\/wp\/un-peu-dhistoire\/\",\"name\":\"Un peu d'histoire - Lyc\u00e9e Uruguay France\",\"isPartOf\":{\"@id\":\"https:\/\/www.uruguayfrance.fr\/wp\/#website\"},\"primaryImageOfPage\":{\"@id\":\"https:\/\/www.uruguayfrance.fr\/wp\/un-peu-dhistoire\/#primaryimage\"},\"image\":{\"@id\":\"https:\/\/www.uruguayfrance.fr\/wp\/un-peu-dhistoire\/#primaryimage\"},\"thumbnailUrl\":\"https:\/\/www.uruguayfrance.fr\/wp\/wp-content\/uploads\/2009\/05\/articles_ecole1.gif\",\"datePublished\":\"2021-04-16T15:00:55+00:00\",\"dateModified\":\"2021-04-17T15:47:14+00:00\",\"breadcrumb\":{\"@id\":\"https:\/\/www.uruguayfrance.fr\/wp\/un-peu-dhistoire\/#breadcrumb\"},\"inLanguage\":\"fr-FR\",\"potentialAction\":[{\"@type\":\"ReadAction\",\"target\":[\"https:\/\/www.uruguayfrance.fr\/wp\/un-peu-dhistoire\/\"]}]},{\"@type\":\"ImageObject\",\"inLanguage\":\"fr-FR\",\"@id\":\"https:\/\/www.uruguayfrance.fr\/wp\/un-peu-dhistoire\/#primaryimage\",\"url\":\"https:\/\/www.uruguayfrance.fr\/wp\/wp-content\/uploads\/2009\/05\/articles_ecole1.gif\",\"contentUrl\":\"https:\/\/www.uruguayfrance.fr\/wp\/wp-content\/uploads\/2009\/05\/articles_ecole1.gif\",\"width\":405,\"height\":244,\"caption\":\"Ecole des Metiers Uruguay france\"},{\"@type\":\"BreadcrumbList\",\"@id\":\"https:\/\/www.uruguayfrance.fr\/wp\/un-peu-dhistoire\/#breadcrumb\",\"itemListElement\":[{\"@type\":\"ListItem\",\"position\":1,\"name\":\"Accueil\",\"item\":\"https:\/\/www.uruguayfrance.fr\/wp\/\"},{\"@type\":\"ListItem\",\"position\":2,\"name\":\"Un peu d&#8217;histoire\"}]},{\"@type\":\"WebSite\",\"@id\":\"https:\/\/www.uruguayfrance.fr\/wp\/#website\",\"url\":\"https:\/\/www.uruguayfrance.fr\/wp\/\",\"name\":\"Lyc\u00e9e Uruguay France\",\"description\":\"Lyc\u00e9e des m\u00e9tiers du social et de la sant\u00e9 - Etablissement d&#039;accueil du sport de haut niveau\",\"publisher\":{\"@id\":\"https:\/\/www.uruguayfrance.fr\/wp\/#organization\"},\"potentialAction\":[{\"@type\":\"SearchAction\",\"target\":{\"@type\":\"EntryPoint\",\"urlTemplate\":\"https:\/\/www.uruguayfrance.fr\/wp\/?s={search_term_string}\"},\"query-input\":{\"@type\":\"PropertyValueSpecification\",\"valueRequired\":true,\"valueName\":\"search_term_string\"}}],\"inLanguage\":\"fr-FR\"},{\"@type\":\"Organization\",\"@id\":\"https:\/\/www.uruguayfrance.fr\/wp\/#organization\",\"name\":\"Lyc\u00e9e Uruguay France\",\"url\":\"https:\/\/www.uruguayfrance.fr\/wp\/\",\"logo\":{\"@type\":\"ImageObject\",\"inLanguage\":\"fr-FR\",\"@id\":\"https:\/\/www.uruguayfrance.fr\/wp\/#\/schema\/logo\/image\/\",\"url\":\"https:\/\/www.uruguayfrance.fr\/wp\/wp-content\/uploads\/cropped-Uruguay-logo-quadri.jpg\",\"contentUrl\":\"https:\/\/www.uruguayfrance.fr\/wp\/wp-content\/uploads\/cropped-Uruguay-logo-quadri.jpg\",\"width\":893,\"height\":246,\"caption\":\"Lyc\u00e9e Uruguay France\"},\"image\":{\"@id\":\"https:\/\/www.uruguayfrance.fr\/wp\/#\/schema\/logo\/image\/\"}},{\"@type\":\"Person\",\"@id\":\"https:\/\/www.uruguayfrance.fr\/wp\/#\/schema\/person\/f07effd1552c95cf697779af71af7814\",\"name\":\"Lyc\u00e9e Uruguay France\",\"image\":{\"@type\":\"ImageObject\",\"inLanguage\":\"fr-FR\",\"@id\":\"https:\/\/www.uruguayfrance.fr\/wp\/#\/schema\/person\/image\/\",\"url\":\"https:\/\/secure.gravatar.com\/avatar\/7364bda5a7e75cdb0b145cf0233c9a2a22d2ef52ee4b8cce5d78859f8bd77e0b?s=96&d=mm&r=g\",\"contentUrl\":\"https:\/\/secure.gravatar.com\/avatar\/7364bda5a7e75cdb0b145cf0233c9a2a22d2ef52ee4b8cce5d78859f8bd77e0b?s=96&d=mm&r=g\",\"caption\":\"Lyc\u00e9e Uruguay France\"},\"description\":\"Administrateur du site\",\"url\":\"https:\/\/www.uruguayfrance.fr\/wp\/author\/admin\/\"}]}<\/script>\n<!-- \/ Yoast SEO plugin. -->","yoast_head_json":{"title":"Un peu d'histoire - Lyc\u00e9e Uruguay France","robots":{"index":"index","follow":"follow","max-snippet":"max-snippet:-1","max-image-preview":"max-image-preview:large","max-video-preview":"max-video-preview:-1"},"canonical":"https:\/\/www.uruguayfrance.fr\/wp\/un-peu-dhistoire\/","og_locale":"fr_FR","og_type":"article","og_title":"Un peu d'histoire - Lyc\u00e9e Uruguay France","og_description":"Le lyc\u00e9e URUGUAY FRANCE est n\u00e9 apr\u00e8s la premi\u00e8re guerre mondiale. D\u00e8s 1916, sous l'impulsion de Monsieur et Madame VAILLANT, instituteurs \u00e0 Samois, l'oeuvre des pupilles de l'\u00e9cole publique de Seine et Marne est cr\u00e9\u00e9e.","og_url":"https:\/\/www.uruguayfrance.fr\/wp\/un-peu-dhistoire\/","og_site_name":"Lyc\u00e9e Uruguay France","article_published_time":"2021-04-16T15:00:55+00:00","article_modified_time":"2021-04-17T15:47:14+00:00","og_image":[{"width":405,"height":244,"url":"https:\/\/www.uruguayfrance.fr\/wp\/wp-content\/uploads\/2009\/05\/articles_ecole1.gif","type":"image\/gif"}],"author":"Lyc\u00e9e Uruguay France","twitter_card":"summary_large_image","twitter_misc":{"\u00c9crit par":"Lyc\u00e9e Uruguay France","Dur\u00e9e de lecture estim\u00e9e":"1 minute"},"schema":{"@context":"https:\/\/schema.org","@graph":[{"@type":"Article","@id":"https:\/\/www.uruguayfrance.fr\/wp\/un-peu-dhistoire\/#article","isPartOf":{"@id":"https:\/\/www.uruguayfrance.fr\/wp\/un-peu-dhistoire\/"},"author":{"name":"Lyc\u00e9e Uruguay France","@id":"https:\/\/www.uruguayfrance.fr\/wp\/#\/schema\/person\/f07effd1552c95cf697779af71af7814"},"headline":"Un peu d&#8217;histoire","datePublished":"2021-04-16T15:00:55+00:00","dateModified":"2021-04-17T15:47:14+00:00","mainEntityOfPage":{"@id":"https:\/\/www.uruguayfrance.fr\/wp\/un-peu-dhistoire\/"},"wordCount":165,"commentCount":0,"publisher":{"@id":"https:\/\/www.uruguayfrance.fr\/wp\/#organization"},"image":{"@id":"https:\/\/www.uruguayfrance.fr\/wp\/un-peu-dhistoire\/#primaryimage"},"thumbnailUrl":"https:\/\/www.uruguayfrance.fr\/wp\/wp-content\/uploads\/2009\/05\/articles_ecole1.gif","articleSection":["Le lyc\u00e9e"],"inLanguage":"fr-FR","potentialAction":[{"@type":"CommentAction","name":"Comment","target":["https:\/\/www.uruguayfrance.fr\/wp\/un-peu-dhistoire\/#respond"]}]},{"@type":"WebPage","@id":"https:\/\/www.uruguayfrance.fr\/wp\/un-peu-dhistoire\/","url":"https:\/\/www.uruguayfrance.fr\/wp\/un-peu-dhistoire\/","name":"Un peu d'histoire - Lyc\u00e9e Uruguay France","isPartOf":{"@id":"https:\/\/www.uruguayfrance.fr\/wp\/#website"},"primaryImageOfPage":{"@id":"https:\/\/www.uruguayfrance.fr\/wp\/un-peu-dhistoire\/#primaryimage"},"image":{"@id":"https:\/\/www.uruguayfrance.fr\/wp\/un-peu-dhistoire\/#primaryimage"},"thumbnailUrl":"https:\/\/www.uruguayfrance.fr\/wp\/wp-content\/uploads\/2009\/05\/articles_ecole1.gif","datePublished":"2021-04-16T15:00:55+00:00","dateModified":"2021-04-17T15:47:14+00:00","breadcrumb":{"@id":"https:\/\/www.uruguayfrance.fr\/wp\/un-peu-dhistoire\/#breadcrumb"},"inLanguage":"fr-FR","potentialAction":[{"@type":"ReadAction","target":["https:\/\/www.uruguayfrance.fr\/wp\/un-peu-dhistoire\/"]}]},{"@type":"ImageObject","inLanguage":"fr-FR","@id":"https:\/\/www.uruguayfrance.fr\/wp\/un-peu-dhistoire\/#primaryimage","url":"https:\/\/www.uruguayfrance.fr\/wp\/wp-content\/uploads\/2009\/05\/articles_ecole1.gif","contentUrl":"https:\/\/www.uruguayfrance.fr\/wp\/wp-content\/uploads\/2009\/05\/articles_ecole1.gif","width":405,"height":244,"caption":"Ecole des Metiers Uruguay france"},{"@type":"BreadcrumbList","@id":"https:\/\/www.uruguayfrance.fr\/wp\/un-peu-dhistoire\/#breadcrumb","itemListElement":[{"@type":"ListItem","position":1,"name":"Accueil","item":"https:\/\/www.uruguayfrance.fr\/wp\/"},{"@type":"ListItem","position":2,"name":"Un peu d&#8217;histoire"}]},{"@type":"WebSite","@id":"https:\/\/www.uruguayfrance.fr\/wp\/#website","url":"https:\/\/www.uruguayfrance.fr\/wp\/","name":"Lyc\u00e9e Uruguay France","description":"Lyc\u00e9e des m\u00e9tiers du social et de la sant\u00e9 - Etablissement d&#039;accueil du sport de haut niveau","publisher":{"@id":"https:\/\/www.uruguayfrance.fr\/wp\/#organization"},"potentialAction":[{"@type":"SearchAction","target":{"@type":"EntryPoint","urlTemplate":"https:\/\/www.uruguayfrance.fr\/wp\/?s={search_term_string}"},"query-input":{"@type":"PropertyValueSpecification","valueRequired":true,"valueName":"search_term_string"}}],"inLanguage":"fr-FR"},{"@type":"Organization","@id":"https:\/\/www.uruguayfrance.fr\/wp\/#organization","name":"Lyc\u00e9e Uruguay France","url":"https:\/\/www.uruguayfrance.fr\/wp\/","logo":{"@type":"ImageObject","inLanguage":"fr-FR","@id":"https:\/\/www.uruguayfrance.fr\/wp\/#\/schema\/logo\/image\/","url":"https:\/\/www.uruguayfrance.fr\/wp\/wp-content\/uploads\/cropped-Uruguay-logo-quadri.jpg","contentUrl":"https:\/\/www.uruguayfrance.fr\/wp\/wp-content\/uploads\/cropped-Uruguay-logo-quadri.jpg","width":893,"height":246,"caption":"Lyc\u00e9e Uruguay France"},"image":{"@id":"https:\/\/www.uruguayfrance.fr\/wp\/#\/schema\/logo\/image\/"}},{"@type":"Person","@id":"https:\/\/www.uruguayfrance.fr\/wp\/#\/schema\/person\/f07effd1552c95cf697779af71af7814","name":"Lyc\u00e9e Uruguay France","image":{"@type":"ImageObject","inLanguage":"fr-FR","@id":"https:\/\/www.uruguayfrance.fr\/wp\/#\/schema\/person\/image\/","url":"https:\/\/secure.gravatar.com\/avatar\/7364bda5a7e75cdb0b145cf0233c9a2a22d2ef52ee4b8cce5d78859f8bd77e0b?s=96&d=mm&r=g","contentUrl":"https:\/\/secure.gravatar.com\/avatar\/7364bda5a7e75cdb0b145cf0233c9a2a22d2ef52ee4b8cce5d78859f8bd77e0b?s=96&d=mm&r=g","caption":"Lyc\u00e9e Uruguay France"},"description":"Administrateur du site","url":"https:\/\/www.uruguayfrance.fr\/wp\/author\/admin\/"}]}},"_links":{"self":[{"href":"https:\/\/www.uruguayfrance.fr\/wp\/wp-json\/wp\/v2\/posts\/6","targetHints":{"allow":["GET"]}}],"collection":[{"href":"https:\/\/www.uruguayfrance.fr\/wp\/wp-json\/wp\/v2\/posts"}],"about":[{"href":"https:\/\/www.uruguayfrance.fr\/wp\/wp-json\/wp\/v2\/types\/post"}],"author":[{"embeddable":true,"href":"https:\/\/www.uruguayfrance.fr\/wp\/wp-json\/wp\/v2\/users\/1"}],"replies":[{"embeddable":true,"href":"https:\/\/www.uruguayfrance.fr\/wp\/wp-json\/wp\/v2\/comments?post=6"}],"version-history":[{"count":0,"href":"https:\/\/www.uruguayfrance.fr\/wp\/wp-json\/wp\/v2\/posts\/6\/revisions"}],"wp:featuredmedia":[{"embeddable":true,"href":"https:\/\/www.uruguayfrance.fr\/wp\/wp-json\/wp\/v2\/media\/4"}],"wp:attachment":[{"href":"https:\/\/www.uruguayfrance.fr\/wp\/wp-json\/wp\/v2\/media?parent=6"}],"wp:term":[{"taxonomy":"category","embeddable":true,"href":"https:\/\/www.uruguayfrance.fr\/wp\/wp-json\/wp\/v2\/categories?post=6"},{"taxonomy":"post_tag","embeddable":true,"href":"https:\/\/www.uruguayfrance.fr\/wp\/wp-json\/wp\/v2\/tags?post=6"}],"curies":[{"name":"wp","href":"https:\/\/api.w.org\/{rel}","templated":true}]}}